{"id":835,"date":"2019-08-18T00:50:50","date_gmt":"2019-08-17T22:50:50","guid":{"rendered":"http:\/\/betonatort.fr\/?p=835"},"modified":"2019-08-18T15:19:17","modified_gmt":"2019-08-18T13:19:17","slug":"pour-que-roseraie-ne-meurt","status":"publish","type":"post","link":"https:\/\/betonatort.fr\/index.php\/2019\/08\/18\/pour-que-roseraie-ne-meurt\/","title":{"rendered":"Pour que Roseraie ne meurt"},"content":{"rendered":"<h1><span style=\"font-size: 18pt;\">Comment disparaissent les Roseraies\u00a0?<\/span><\/h1>\n<p>La collection de roses, de la Malmaison, cr\u00e9\u00e9e en 1804 pour l&rsquo;imp\u00e9ratrice Jos\u00e9phine ne lui a pas surv\u00e9cu. Apr\u00e8s son d\u00e9c\u00e8s en 1814, la collection (2000 rosiers dont environ 200 vari\u00e9t\u00e9s venues du monde entier) est \u00e9chang\u00e9e par son rosi\u00e9riste Andr\u00e9 Dupont contre une rente vers\u00e9e par la chambre des pairs (le s\u00e9nat actuel).<\/p>\n<p>Cette chambre avait recrut\u00e9 Julien-Alexandre Hardy en 1816 comme premier gar\u00e7on jardinier au jardin de la chambre des pairs o\u00f9 il a d\u00e9couvert les roses de la Malmaison et pendant toute sa carri\u00e8re comme jardinier en chef(1817-1859), il les a soign\u00e9es, multipli\u00e9es avec soin dans la roseraie du Luxembourg. Il est le cr\u00e9ateur de la c\u00e9l\u00e8bre rose <em>Madame Hardy.<\/em><\/p>\n<p>Les travaux d&rsquo;urbanisation \u00e0 marche forc\u00e9e du pr\u00e9fet-Baron Haussmann pendant le second empire en ont balay\u00e9 une importante partie et Julien-Alexandre Hardy a assist\u00e9 \u00e0 ce d\u00e9sastre. Lors de la perc\u00e9e des grands boulevards Saint Michel et Vaugirard, les parisiens ont fait une p\u00e9tition de 12 000 signatures contre le lotissement du jardin botanique et de la p\u00e9pini\u00e8re tr\u00e8s ancienne des chartreux (1650).<\/p>\n<p>Maupassant donne de la p\u00e9pini\u00e8re une description qui justifie l\u2019indignation de la population :<\/p>\n<p><em>\u00a0\u00bb C&rsquo;\u00e9tait comme un jardin oubli\u00e9 de l&rsquo;autre si\u00e8cle, un jardin joli comme un doux sourire de vieille. Des haies touffues s\u00e9paraient les all\u00e9es \u00e9troites et r\u00e9guli\u00e8res, all\u00e9es calmes entre deux murs de feuillages taill\u00e9s avec m\u00e9thode. Les grands ciseaux du jardinier alignaient sans rel\u00e2che les cloisons de branches ; de place en place on rencontrait des parterres de fleurs, des plates-bandes de petits arbres rang\u00e9s comme des coll\u00e9giens en promenade, des soci\u00e9t\u00e9s de rosiers magnifiques et des r\u00e9giments d&rsquo;arbres \u00e0 fruits.\u00a0\u00bb<\/em><\/p>\n<p>La p\u00e9pini\u00e8re \u00e9tait aussi la plus ancienne et importante collection d&rsquo;arbres fruitiers de France et d&rsquo;Europe. Elle repr\u00e9sentait un\u00a0 fleuron agricole fran\u00e7ais de tout premier plan et un savoir-faire s\u00e9culaire.<\/p>\n<p>Mais c&rsquo;\u00e9tait \u00e0 l&rsquo;\u00e9poque de Napol\u00e9on III et la France n&rsquo;\u00e9tait ni une d\u00e9mocratie ni une r\u00e9publique. C&rsquo;\u00e9tait un empire autoproclam\u00e9 \u00e0 la suite d&rsquo;un coup d&rsquo;\u00e9tat.\u00a0 Le souverain\u00a0 \u00e9bloui par d&rsquo;autres int\u00e9r\u00eats n&rsquo;avait aucune conscience de la richesse de ce patrimoine horticole inestimable.<\/p>\n<p>Les plus illustres auteurs du 19 \u00e8me si\u00e8cle (Hugo, Maupassant, Zola, Balzac,&#8230;) par leur sensibilit\u00e9 ont su rendre compte de la grossi\u00e8ret\u00e9 de l&rsquo;affairisme de cette \u00e9poque. Le roman d&rsquo;Emile Zola, La cur\u00e9e d\u00e9crit la soci\u00e9t\u00e9 sans vergogne d&rsquo;alors\u00a0 et le d\u00e9pe\u00e7age de Paris par les sp\u00e9culateurs.<\/p>\n<p>C&rsquo;est ainsi que disparurent nombre de lieu d&rsquo;int\u00e9r\u00eat historique comme le march\u00e9 des Innocents ou l&rsquo;\u00e9glise Saint-Beno\u00eet-le-B\u00e9tourn\u00e9. Sans prendre conscience du patrimoine national, des voies rectilignes \u00e9taient trac\u00e9es et des immeubles uniformes construits.<\/p>\n<p>La protection des monuments historiques n&rsquo;existait pas, ni la loi de 1913, ni la loi Malraux et aucune des lois modernes concernant le p\u00e9rim\u00e8tre et la protection des abords des monuments historiques. C&rsquo;\u00e9tait la jungle !<\/p>\n<p>D\u00e9sormais en 2019, chacun et \u00e0 tous les niveaux doit prendre conscience , de la n\u00e9cessit\u00e9 de prot\u00e9ger les monuments historiques si fragiles et leurs abords (qui participent \u00e0 l&rsquo;ambiance et \u00e0 la qualit\u00e9 d&rsquo;un lieu) et s\u2019apercevoir enfin des d\u00e9g\u00e2ts irr\u00e9versibles de l\u2019artificialisation excessive des sols, de l\u2019urgence de la pr\u00e9servation de la biodiversit\u00e9 et de la qualit\u00e9 \u00e9cologique et paysag\u00e8re du territoire.<\/p>\n<p>\u00ab\u00a0<em>Entendu au sens de la <\/em><em>Convention de Florence<\/em><em>, le terme \u00ab paysage \u00bb d\u00e9signe \u00ab une partie de territoire <strong>telle que per\u00e7ue par les populations<\/strong>, dont le caract\u00e8re r\u00e9sulte de l\u2019action de facteurs naturels et\/ou humains et de leurs interrelations <strong>\u00bb. Ainsi, \u00ab prendre en compte les paysages \u00bb signifie tenir compte des significations et des valeurs attach\u00e9es \u00e0 cette partie de territoire et partag\u00e9es par une population.<\/strong><\/em><\/p>\n<p><a href=\"https:\/\/www.cohesion-territoires.gouv.fr\/le-paysage-dans-les-documents-durbanisme\">https:\/\/www.cohesion-territoires.gouv.fr\/le-paysage-dans-les-documents-durbanisme<\/a><\/p>\n<p>La p\u00e9tition nationale pour la pr\u00e9servation de l\u2019\u00e9cosyst\u00e8me de la Roseraie de l\u2019Hay a re\u00e7u pr\u00e8s de 16\u00a0000 signatures, il est grand temps d\u2019\u00e9couter la population et de comprendre l&rsquo;int\u00e9r\u00eat de conserver l&rsquo;\u00e9cosyst\u00e8me de la Roseraie pour que puisse s&rsquo;\u00e9panouir et se d\u00e9velopper \u00e0 nouveau la plus belle collection horticole de roses de France dans un paysage sauvegard\u00e9 :<\/p>\n<p><a href=\"https:\/\/www.mesopinions.com\/petition\/nature-environnement\/roseraie-hay-roses-danger\/53347\">https:\/\/www.mesopinions.com\/petition\/nature-environnement\/roseraie-hay-roses-danger\/53347<\/a><\/p>\n","protected":false},"excerpt":{"rendered":"<p>Comment disparaissent les Roseraies\u00a0? La collection de roses, de la Malmaison, cr\u00e9\u00e9e en 1804 pour l&rsquo;imp\u00e9ratrice Jos\u00e9phine ne lui a pas surv\u00e9cu. Apr\u00e8s son d\u00e9c\u00e8s en 1814, la collection (2000 rosiers dont environ 200 vari\u00e9t\u00e9s venues du monde entier) est &hellip; <a href=\"https:\/\/betonatort.fr\/index.php\/2019\/08\/18\/pour-que-roseraie-ne-meurt\/\">Continuer la lecture <span class=\"meta-nav\">&rarr;<\/span><\/a><\/p>\n","protected":false},"author":1,"featured_media":0,"comment_status":"closed","ping_status":"open","sticky":false,"template":"","format":"standard","meta":{"_kadence_starter_templates_imported_post":false,"footnotes":""},"categories":[1],"tags":[],"class_list":["post-835","post","type-post","status-publish","format-standard","hentry","category-non-classe"],"_links":{"self":[{"href":"https:\/\/betonatort.fr\/index.php\/wp-json\/wp\/v2\/posts\/835","targetHints":{"allow":["GET"]}}],"collection":[{"href":"https:\/\/betonatort.fr\/index.php\/wp-json\/wp\/v2\/posts"}],"about":[{"href":"https:\/\/betonatort.fr\/index.php\/wp-json\/wp\/v2\/types\/post"}],"author":[{"embeddable":true,"href":"https:\/\/betonatort.fr\/index.php\/wp-json\/wp\/v2\/users\/1"}],"replies":[{"embeddable":true,"href":"https:\/\/betonatort.fr\/index.php\/wp-json\/wp\/v2\/comments?post=835"}],"version-history":[{"count":18,"href":"https:\/\/betonatort.fr\/index.php\/wp-json\/wp\/v2\/posts\/835\/revisions"}],"predecessor-version":[{"id":880,"href":"https:\/\/betonatort.fr\/index.php\/wp-json\/wp\/v2\/posts\/835\/revisions\/880"}],"wp:attachment":[{"href":"https:\/\/betonatort.fr\/index.php\/wp-json\/wp\/v2\/media?parent=835"}],"wp:term":[{"taxonomy":"category","embeddable":true,"href":"https:\/\/betonatort.fr\/index.php\/wp-json\/wp\/v2\/categories?post=835"},{"taxonomy":"post_tag","embeddable":true,"href":"https:\/\/betonatort.fr\/index.php\/wp-json\/wp\/v2\/tags?post=835"}],"curies":[{"name":"wp","href":"https:\/\/api.w.org\/{rel}","templated":true}]}}